{"id":1985,"date":"2026-03-10T10:17:01","date_gmt":"2026-03-10T09:17:01","guid":{"rendered":"https:\/\/polepedagogieeteducation.com\/?p=1985"},"modified":"2026-03-10T10:17:02","modified_gmt":"2026-03-10T09:17:02","slug":"journee-des-eco-delegues-janvier-2026","status":"publish","type":"post","link":"https:\/\/polepedagogieeteducation.com\/index.php\/2026\/03\/10\/journee-des-eco-delegues-janvier-2026\/","title":{"rendered":"Journ\u00e9e des \u00e9co d\u00e9l\u00e9gu\u00e9s Janvier 2026"},"content":{"rendered":"<div class=\"wp-block-image\">\n<figure class=\"aligncenter size-large is-resized\"><img decoding=\"async\" loading=\"lazy\" width=\"724\" height=\"1024\" src=\"https:\/\/polepedagogieeteducation.com\/wp-content\/uploads\/2026\/03\/Copie-de-rencontre-eco-delegues-janvier-25-2-724x1024.png\" alt=\"\" class=\"wp-image-1986\" style=\"aspect-ratio:0.70703125;width:269px;height:auto\" srcset=\"https:\/\/polepedagogieeteducation.com\/wp-content\/uploads\/2026\/03\/Copie-de-rencontre-eco-delegues-janvier-25-2-724x1024.png 724w, https:\/\/polepedagogieeteducation.com\/wp-content\/uploads\/2026\/03\/Copie-de-rencontre-eco-delegues-janvier-25-2-212x300.png 212w, https:\/\/polepedagogieeteducation.com\/wp-content\/uploads\/2026\/03\/Copie-de-rencontre-eco-delegues-janvier-25-2-768x1086.png 768w, https:\/\/polepedagogieeteducation.com\/wp-content\/uploads\/2026\/03\/Copie-de-rencontre-eco-delegues-janvier-25-2-1086x1536.png 1086w, https:\/\/polepedagogieeteducation.com\/wp-content\/uploads\/2026\/03\/Copie-de-rencontre-eco-delegues-janvier-25-2-1448x2048.png 1448w, https:\/\/polepedagogieeteducation.com\/wp-content\/uploads\/2026\/03\/Copie-de-rencontre-eco-delegues-janvier-25-2.png 1587w\" sizes=\"(max-width: 724px) 100vw, 724px\" \/><\/figure><\/div>\n\n\n<p class=\"has-text-align-left\">Jeudi 15 janvier 2026, pr\u00e8s de <strong><mark style=\"background-color:rgba(0, 0, 0, 0)\" class=\"has-inline-color has-vivid-cyan-blue-color\">180 \u00e9l\u00e8ves<\/mark><\/strong> se sont r\u00e9unis pour vivre une journ\u00e9e d\u00e9di\u00e9e \u00e0 l\u2019engagement environnemental, pleine d\u2019\u00e9changes, d\u2019inspiration et de motivation. D\u00e8s le matin, la salle s\u2019est plong\u00e9e dans l\u2019univers du documentaire <strong><em><mark style=\"background-color:rgba(0, 0, 0, 0)\" class=\"has-inline-color has-vivid-cyan-blue-color\">Bigger Than Us<\/mark><\/em><\/strong>, projet\u00e9 pour l\u2019occasion. Apr\u00e8s la projection, la r\u00e9alisatrice <strong><mark style=\"background-color:rgba(0, 0, 0, 0)\" class=\"has-inline-color has-vivid-cyan-blue-color\">Flore Vasseur<\/mark><\/strong> a r\u00e9pondu aux questions des \u00e9l\u00e8ves, partageant son parcours et sa vision : \u00ab\u202fChacun peut agir \u00e0 son \u00e9chelle, mais ensemble, nous avons le pouvoir de changer les choses\u202f\u00bb, a-t-elle soulign\u00e9.<\/p>\n\n\n\n<p>L\u2019apr\u00e8s-midi, les \u00e9l\u00e8ves ont explor\u00e9 <mark style=\"background-color:rgba(0, 0, 0, 0)\" class=\"has-inline-color has-vivid-cyan-blue-color\"><strong>diff\u00e9rentes pistes d\u2019action \u00e0 travers des ateliers pratiques et interactifs<\/strong><\/mark>. Les discussions ont port\u00e9 sur des solutions concr\u00e8tes pour prot\u00e9ger l\u2019environnement et chaque \u00e9l\u00e8ve est reparti avec de nouvelles id\u00e9es et une motivation renforc\u00e9e.  Un <strong><mark style=\"background-color:rgba(0, 0, 0, 0)\" class=\"has-inline-color has-vivid-cyan-blue-color\">march\u00e9 de connaissances<\/mark><\/strong> \u00e9tait \u00e9galement propos\u00e9 afin de d\u00e9couvrir les projets des autres camarades.<\/p>\n\n\n\n<p>Cette journ\u00e9e a aussi permis aux \u00e9l\u00e8ves d&#8217;assister \u00e0 des ateliers men\u00e9s par des partenaires engag\u00e9s :  <mark style=\"background-color:rgba(0, 0, 0, 0)\" class=\"has-inline-color has-vivid-cyan-blue-color\"><strong>Asm Omnisports<\/strong>, <strong>Vulcania<\/strong>, <strong>Fondation Varenne<\/strong>, <strong>Amnesty International <\/strong>, <strong>le Secours Catholique<\/strong>, <strong>le CCFD<\/strong>, <\/mark><strong><mark style=\"background-color:rgba(0, 0, 0, 0)\" class=\"has-inline-color has-vivid-cyan-blue-color\">le groupe Laudato Si du Dioc\u00e8se de Clermont<\/mark><\/strong> et l\u2019<mark style=\"background-color:rgba(0, 0, 0, 0)\" class=\"has-inline-color has-vivid-cyan-blue-color\"><strong>association D\u2019un moi \u00e0 l\u2019autre<\/strong>.<\/mark><\/p>\n\n\n\n<p><\/p>\n","protected":false},"excerpt":{"rendered":"<p>Jeudi 15 janvier 2026, pr\u00e8s de 180 \u00e9l\u00e8ves se sont r\u00e9unis pour vivre une journ\u00e9e d\u00e9di\u00e9e \u00e0 l\u2019engagement environnemental, pleine d\u2019\u00e9changes, d\u2019inspiration et de motivation. D\u00e8s le matin, la salle s\u2019est plong\u00e9e dans l\u2019univers du documentaire Bigger Than Us, projet\u00e9 pour l\u2019occasion. Apr\u00e8s la projection, la r\u00e9alisatrice Flore Vasseur a r\u00e9pondu aux questions des \u00e9l\u00e8ves, &hellip; <\/p>\n<p class=\"link-more\"><a href=\"https:\/\/polepedagogieeteducation.com\/index.php\/2026\/03\/10\/journee-des-eco-delegues-janvier-2026\/\" class=\"more-link\">Continue reading<span class=\"screen-reader-text\"> &#8220;Journ\u00e9e des \u00e9co d\u00e9l\u00e9gu\u00e9s Janvier 2026&#8221;<\/span><\/a><\/p>\n","protected":false},"author":1,"featured_media":0,"comment_status":"open","ping_status":"open","sticky":false,"template":"","format":"standard","meta":{"footnotes":""},"categories":[248,1],"tags":[],"_links":{"self":[{"href":"https:\/\/polepedagogieeteducation.com\/index.php\/wp-json\/wp\/v2\/posts\/1985"}],"collection":[{"href":"https:\/\/polepedagogieeteducation.com\/index.php\/wp-json\/wp\/v2\/posts"}],"about":[{"href":"https:\/\/polepedagogieeteducation.com\/index.php\/wp-json\/wp\/v2\/types\/post"}],"author":[{"embeddable":true,"href":"https:\/\/polepedagogieeteducation.com\/index.php\/wp-json\/wp\/v2\/users\/1"}],"replies":[{"embeddable":true,"href":"https:\/\/polepedagogieeteducation.com\/index.php\/wp-json\/wp\/v2\/comments?post=1985"}],"version-history":[{"count":1,"href":"https:\/\/polepedagogieeteducation.com\/index.php\/wp-json\/wp\/v2\/posts\/1985\/revisions"}],"predecessor-version":[{"id":1988,"href":"https:\/\/polepedagogieeteducation.com\/index.php\/wp-json\/wp\/v2\/posts\/1985\/revisions\/1988"}],"wp:attachment":[{"href":"https:\/\/polepedagogieeteducation.com\/index.php\/wp-json\/wp\/v2\/media?parent=1985"}],"wp:term":[{"taxonomy":"category","embeddable":true,"href":"https:\/\/polepedagogieeteducation.com\/index.php\/wp-json\/wp\/v2\/categories?post=1985"},{"taxonomy":"post_tag","embeddable":true,"href":"https:\/\/polepedagogieeteducation.com\/index.php\/wp-json\/wp\/v2\/tags?post=1985"}],"curies":[{"name":"wp","href":"https:\/\/api.w.org\/{rel}","templated":true}]}}