{"id":248,"count":1,"description":"","link":"https:\/\/polepedagogieeteducation.com\/index.php\/category\/journee-des-eco-delegues\/","name":"Journ\u00e9e des \u00e9co d\u00e9l\u00e9gu\u00e9s","slug":"journee-des-eco-delegues","taxonomy":"category","parent":0,"meta":[],"_links":{"self":[{"href":"https:\/\/polepedagogieeteducation.com\/index.php\/wp-json\/wp\/v2\/categories\/248"}],"collection":[{"href":"https:\/\/polepedagogieeteducation.com\/index.php\/wp-json\/wp\/v2\/categories"}],"about":[{"href":"https:\/\/polepedagogieeteducation.com\/index.php\/wp-json\/wp\/v2\/taxonomies\/category"}],"wp:post_type":[{"href":"https:\/\/polepedagogieeteducation.com\/index.php\/wp-json\/wp\/v2\/posts?categories=248"}],"curies":[{"name":"wp","href":"https:\/\/api.w.org\/{rel}","templated":true}]}}